{"id":2435,"date":"2025-06-27T21:40:06","date_gmt":"2025-06-27T19:40:06","guid":{"rendered":"https:\/\/nmsstveit-goelsen.ac.at\/?p=2435"},"modified":"2025-06-30T21:42:14","modified_gmt":"2025-06-30T19:42:14","slug":"schuelerinnen-zeigen-ihre-vielfaeltigen-talente-%f0%9f%91%8f","status":"publish","type":"post","link":"https:\/\/nmsstveit-goelsen.ac.at\/index.php\/2025\/06\/27\/schuelerinnen-zeigen-ihre-vielfaeltigen-talente-%f0%9f%91%8f\/","title":{"rendered":"Sch\u00fcler*innen zeigen ihre vielf\u00e4ltigen Talente! \ud83d\udc4f"},"content":{"rendered":"\n<figure class=\"wp-block-gallery has-nested-images columns-default is-cropped wp-block-gallery-1 is-layout-flex wp-block-gallery-is-layout-flex\">\n<figure class=\"wp-block-image size-large\"><img fetchpriority=\"high\" decoding=\"async\" width=\"1024\" height=\"768\" data-id=\"2441\" src=\"https:\/\/nmsstveit-goelsen.ac.at\/wp-content\/uploads\/2025\/06\/IMG_2266-1024x768.jpeg\" alt=\"\" class=\"wp-image-2441\" srcset=\"https:\/\/nmsstveit-goelsen.ac.at\/wp-content\/uploads\/2025\/06\/IMG_2266-1024x768.jpeg 1024w, https:\/\/nmsstveit-goelsen.ac.at\/wp-content\/uploads\/2025\/06\/IMG_2266-300x225.jpeg 300w, https:\/\/nmsstveit-goelsen.ac.at\/wp-content\/uploads\/2025\/06\/IMG_2266-768x576.jpeg 768w, https:\/\/nmsstveit-goelsen.ac.at\/wp-content\/uploads\/2025\/06\/IMG_2266-1536x1152.jpeg 1536w, https:\/\/nmsstveit-goelsen.ac.at\/wp-content\/uploads\/2025\/06\/IMG_2266-2048x1536.jpeg 2048w\" sizes=\"(max-width: 1024px) 100vw, 1024px\" \/><\/figure>\n\n\n\n<figure class=\"wp-block-image size-large\"><img decoding=\"async\" width=\"1024\" height=\"768\" data-id=\"2440\" src=\"https:\/\/nmsstveit-goelsen.ac.at\/wp-content\/uploads\/2025\/06\/IMG_2264-1024x768.jpeg\" alt=\"\" class=\"wp-image-2440\" srcset=\"https:\/\/nmsstveit-goelsen.ac.at\/wp-content\/uploads\/2025\/06\/IMG_2264-1024x768.jpeg 1024w, https:\/\/nmsstveit-goelsen.ac.at\/wp-content\/uploads\/2025\/06\/IMG_2264-300x225.jpeg 300w, https:\/\/nmsstveit-goelsen.ac.at\/wp-content\/uploads\/2025\/06\/IMG_2264-768x576.jpeg 768w, https:\/\/nmsstveit-goelsen.ac.at\/wp-content\/uploads\/2025\/06\/IMG_2264-1536x1152.jpeg 1536w, https:\/\/nmsstveit-goelsen.ac.at\/wp-content\/uploads\/2025\/06\/IMG_2264-2048x1536.jpeg 2048w\" sizes=\"(max-width: 1024px) 100vw, 1024px\" \/><\/figure>\n\n\n\n<figure class=\"wp-block-image size-large\"><img decoding=\"async\" width=\"1024\" height=\"768\" data-id=\"2437\" src=\"https:\/\/nmsstveit-goelsen.ac.at\/wp-content\/uploads\/2025\/06\/IMG_2271-1024x768.jpeg\" alt=\"\" class=\"wp-image-2437\" srcset=\"https:\/\/nmsstveit-goelsen.ac.at\/wp-content\/uploads\/2025\/06\/IMG_2271-1024x768.jpeg 1024w, https:\/\/nmsstveit-goelsen.ac.at\/wp-content\/uploads\/2025\/06\/IMG_2271-300x225.jpeg 300w, https:\/\/nmsstveit-goelsen.ac.at\/wp-content\/uploads\/2025\/06\/IMG_2271-768x576.jpeg 768w, https:\/\/nmsstveit-goelsen.ac.at\/wp-content\/uploads\/2025\/06\/IMG_2271-1536x1152.jpeg 1536w, https:\/\/nmsstveit-goelsen.ac.at\/wp-content\/uploads\/2025\/06\/IMG_2271-2048x1536.jpeg 2048w\" sizes=\"(max-width: 1024px) 100vw, 1024px\" \/><\/figure>\n\n\n\n\n\n<figure class=\"wp-block-image size-large\"><img loading=\"lazy\" decoding=\"async\" width=\"1024\" height=\"768\" data-id=\"2436\" src=\"https:\/\/nmsstveit-goelsen.ac.at\/wp-content\/uploads\/2025\/06\/IMG_2279-1024x768.jpeg\" alt=\"\" class=\"wp-image-2436\" srcset=\"https:\/\/nmsstveit-goelsen.ac.at\/wp-content\/uploads\/2025\/06\/IMG_2279-1024x768.jpeg 1024w, https:\/\/nmsstveit-goelsen.ac.at\/wp-content\/uploads\/2025\/06\/IMG_2279-300x225.jpeg 300w, https:\/\/nmsstveit-goelsen.ac.at\/wp-content\/uploads\/2025\/06\/IMG_2279-768x576.jpeg 768w, https:\/\/nmsstveit-goelsen.ac.at\/wp-content\/uploads\/2025\/06\/IMG_2279-1536x1152.jpeg 1536w, https:\/\/nmsstveit-goelsen.ac.at\/wp-content\/uploads\/2025\/06\/IMG_2279-2048x1536.jpeg 2048w\" sizes=\"(max-width: 1024px) 100vw, 1024px\" \/><\/figure>\n\n\n\n<figure class=\"wp-block-image size-large\"><img loading=\"lazy\" decoding=\"async\" width=\"1024\" height=\"768\" data-id=\"2439\" src=\"https:\/\/nmsstveit-goelsen.ac.at\/wp-content\/uploads\/2025\/06\/IMG_2280-1024x768.jpeg\" alt=\"\" class=\"wp-image-2439\" srcset=\"https:\/\/nmsstveit-goelsen.ac.at\/wp-content\/uploads\/2025\/06\/IMG_2280-1024x768.jpeg 1024w, https:\/\/nmsstveit-goelsen.ac.at\/wp-content\/uploads\/2025\/06\/IMG_2280-300x225.jpeg 300w, https:\/\/nmsstveit-goelsen.ac.at\/wp-content\/uploads\/2025\/06\/IMG_2280-768x576.jpeg 768w, https:\/\/nmsstveit-goelsen.ac.at\/wp-content\/uploads\/2025\/06\/IMG_2280-1536x1152.jpeg 1536w, https:\/\/nmsstveit-goelsen.ac.at\/wp-content\/uploads\/2025\/06\/IMG_2280-2048x1536.jpeg 2048w\" sizes=\"(max-width: 1024px) 100vw, 1024px\" \/><\/figure>\n\n\n\n<figure class=\"wp-block-image size-large\"><img loading=\"lazy\" decoding=\"async\" width=\"1024\" height=\"768\" data-id=\"2442\" src=\"https:\/\/nmsstveit-goelsen.ac.at\/wp-content\/uploads\/2025\/06\/IMG_2287-1024x768.jpeg\" alt=\"\" class=\"wp-image-2442\" srcset=\"https:\/\/nmsstveit-goelsen.ac.at\/wp-content\/uploads\/2025\/06\/IMG_2287-1024x768.jpeg 1024w, https:\/\/nmsstveit-goelsen.ac.at\/wp-content\/uploads\/2025\/06\/IMG_2287-300x225.jpeg 300w, https:\/\/nmsstveit-goelsen.ac.at\/wp-content\/uploads\/2025\/06\/IMG_2287-768x576.jpeg 768w, https:\/\/nmsstveit-goelsen.ac.at\/wp-content\/uploads\/2025\/06\/IMG_2287-1536x1152.jpeg 1536w, https:\/\/nmsstveit-goelsen.ac.at\/wp-content\/uploads\/2025\/06\/IMG_2287-2048x1536.jpeg 2048w\" sizes=\"(max-width: 1024px) 100vw, 1024px\" \/><\/figure>\n\n\n\n<figure class=\"wp-block-image size-large\"><img loading=\"lazy\" decoding=\"async\" width=\"1024\" height=\"768\" data-id=\"2443\" src=\"https:\/\/nmsstveit-goelsen.ac.at\/wp-content\/uploads\/2025\/06\/IMG_2297-1024x768.jpeg\" alt=\"\" class=\"wp-image-2443\" srcset=\"https:\/\/nmsstveit-goelsen.ac.at\/wp-content\/uploads\/2025\/06\/IMG_2297-1024x768.jpeg 1024w, https:\/\/nmsstveit-goelsen.ac.at\/wp-content\/uploads\/2025\/06\/IMG_2297-300x225.jpeg 300w, https:\/\/nmsstveit-goelsen.ac.at\/wp-content\/uploads\/2025\/06\/IMG_2297-768x576.jpeg 768w, https:\/\/nmsstveit-goelsen.ac.at\/wp-content\/uploads\/2025\/06\/IMG_2297-1536x1152.jpeg 1536w, https:\/\/nmsstveit-goelsen.ac.at\/wp-content\/uploads\/2025\/06\/IMG_2297-2048x1536.jpeg 2048w\" sizes=\"(max-width: 1024px) 100vw, 1024px\" \/><\/figure>\n\n\n\n<figure class=\"wp-block-image size-large\"><img loading=\"lazy\" decoding=\"async\" width=\"1024\" height=\"768\" data-id=\"2444\" src=\"https:\/\/nmsstveit-goelsen.ac.at\/wp-content\/uploads\/2025\/06\/IMG_2290-1024x768.jpeg\" alt=\"\" class=\"wp-image-2444\" srcset=\"https:\/\/nmsstveit-goelsen.ac.at\/wp-content\/uploads\/2025\/06\/IMG_2290-1024x768.jpeg 1024w, https:\/\/nmsstveit-goelsen.ac.at\/wp-content\/uploads\/2025\/06\/IMG_2290-300x225.jpeg 300w, https:\/\/nmsstveit-goelsen.ac.at\/wp-content\/uploads\/2025\/06\/IMG_2290-768x576.jpeg 768w, https:\/\/nmsstveit-goelsen.ac.at\/wp-content\/uploads\/2025\/06\/IMG_2290-1536x1152.jpeg 1536w, https:\/\/nmsstveit-goelsen.ac.at\/wp-content\/uploads\/2025\/06\/IMG_2290-2048x1536.jpeg 2048w\" sizes=\"(max-width: 1024px) 100vw, 1024px\" \/><\/figure>\n\n\n\n<figure class=\"wp-block-image size-large\"><img loading=\"lazy\" decoding=\"async\" width=\"1024\" height=\"768\" data-id=\"2445\" src=\"https:\/\/nmsstveit-goelsen.ac.at\/wp-content\/uploads\/2025\/06\/IMG_2292-1024x768.jpeg\" alt=\"\" class=\"wp-image-2445\" srcset=\"https:\/\/nmsstveit-goelsen.ac.at\/wp-content\/uploads\/2025\/06\/IMG_2292-1024x768.jpeg 1024w, https:\/\/nmsstveit-goelsen.ac.at\/wp-content\/uploads\/2025\/06\/IMG_2292-300x225.jpeg 300w, https:\/\/nmsstveit-goelsen.ac.at\/wp-content\/uploads\/2025\/06\/IMG_2292-768x576.jpeg 768w, https:\/\/nmsstveit-goelsen.ac.at\/wp-content\/uploads\/2025\/06\/IMG_2292-1536x1152.jpeg 1536w, https:\/\/nmsstveit-goelsen.ac.at\/wp-content\/uploads\/2025\/06\/IMG_2292-2048x1536.jpeg 2048w\" sizes=\"(max-width: 1024px) 100vw, 1024px\" \/><\/figure>\n<\/figure>\n\n\n\n<p><\/p>\n\n\n\n<p>Zum feierlichen Ausklang des Schuljahres r\u00fcckten wir die beeindruckenden Leistungen ihrer Sch\u00fcler*innen ins Rampenlicht. In einer stimmungsvollen Veranstaltung wurden junge Talente f\u00fcr ihre Erfolge in vielf\u00e4ltigen Bereichen ausgezeichnet. \ud83e\udd29<\/p>\n\n\n\n<p>Egal, ob beim Zeichenwettbewerb \ud83c\udfa8, beim \u201eK\u00e4nguru der Mathematik\u201c \ud83e\uddee, Schwimmen \ud83c\udfca, Skifahren \u26f7\ufe0f, Stra\u00dfenlauf \ud83d\udc5f, Volleyball \ud83c\udfd0 oder Fu\u00dfball\u26bd\ufe0f. Die Sch\u00fcler*innen haben ihr k\u00fcnstlerisches K\u00f6nnen, ihr mathematisches Geschick und ihren sportlichen Ehrgeiz eindrucksvoll unter Beweis gestellt. \ud83d\udc4f<\/p>\n\n\n\n<p>Auch sprachliches Know-how wurde eindr\u00fccklich demonstriert. Sechs Sch\u00fcler*innen der 4. Klasse meisterten mit Bravour die international anerkannten Key English-Pr\u00fcfungen \ud83e\uddd0 der University of Cambridge, die im WIFI St. P\u00f6lten stattfanden. Die Teilnehmer*innen traten im Level A2 an und \u00fcbertrafen dabei s\u00e4mtliche Erwartungen. Mit \u00fcber 140 von 150 m\u00f6glichen Punkten haben sich alle bereits souver\u00e4n f\u00fcr das n\u00e4chsth\u00f6here B1-Level qualifiziert. Besonders hervorzuheben ist <strong>Fabian Fink<\/strong>, der mit 150 Punkten in den Bereichen \u201ereading\u201c, \u201ewriting\u201c, \u201elistening\u201c und \u201espeaking\u201c die H\u00f6chstpunktzahl erreichte! \ud83e\udd29<\/p>\n\n\n\n<p>Diese Anerkennung unterstreicht die schulische Leistung, den gelebten Gemeinschaftssinn und die F\u00f6rderung der Vielseitigkeit an unserer Schule. Gleichzeitig spornt es die Sch\u00fcler*innen an, auch n\u00e4chstes Jahr wieder H\u00f6chstleistungen zu erbringen.<\/p>\n\n\n\n<p><\/p>\n","protected":false},"excerpt":{"rendered":"<p>Zum feierlichen Ausklang des Schuljahres r\u00fcckten wir die beeindruckenden Leistungen ihrer Sch\u00fcler*innen ins Rampenlicht. In einer stimmungsvollen Veranstaltung wurden junge Talente f\u00fcr ihre Erfolge in vielf\u00e4ltigen Bereichen ausgezeichnet. \ud83e\udd29 Egal, ob beim Zeichenwettbewerb \ud83c\udfa8, beim \u201eK\u00e4nguru der Mathematik\u201c \ud83e\uddee, Schwimmen \ud83c\udfca, Skifahren \u26f7\ufe0f, Stra\u00dfenlauf \ud83d\udc5f, Volleyball \ud83c\udfd0 oder Fu\u00dfball\u26bd\ufe0f. Die Sch\u00fcler*innen haben ihr k\u00fcnstlerisches K\u00f6nnen, &hellip;<\/p>\n<p class=\"read-more\"> <a class=\"\" href=\"https:\/\/nmsstveit-goelsen.ac.at\/index.php\/2025\/06\/27\/schuelerinnen-zeigen-ihre-vielfaeltigen-talente-%f0%9f%91%8f\/\"> <span class=\"screen-reader-text\">Sch\u00fcler*innen zeigen ihre vielf\u00e4ltigen Talente! \ud83d\udc4f<\/span> Weiterlesen &raquo;<\/a><\/p>\n","protected":false},"author":2,"featured_media":0,"comment_status":"open","ping_status":"open","sticky":false,"template":"","format":"standard","meta":{"site-sidebar-layout":"default","site-content-layout":"default","ast-global-header-display":"","ast-main-header-display":"","ast-hfb-above-header-display":"","ast-hfb-below-header-display":"","ast-hfb-mobile-header-display":"","site-post-title":"","ast-breadcrumbs-content":"","ast-featured-img":"","footer-sml-layout":"","theme-transparent-header-meta":"","adv-header-id-meta":"","stick-header-meta":"","header-above-stick-meta":"","header-main-stick-meta":"","header-below-stick-meta":"","footnotes":""},"categories":[1],"tags":[],"class_list":["post-2435","post","type-post","status-publish","format-standard","hentry","category-allgemein"],"yoast_head":"<!-- This site is optimized with the Yoast SEO plugin v27.5 - https:\/\/yoast.com\/product\/yoast-seo-wordpress\/ -->\n<title>Sch\u00fcler*innen zeigen ihre vielf\u00e4ltigen Talente! \ud83d\udc4f -<\/title>\n<meta name=\"robots\" content=\"index, follow, max-snippet:-1, max-image-preview:large, max-video-preview:-1\" \/>\n<link rel=\"canonical\" href=\"https:\/\/nmsstveit-goelsen.ac.at\/index.php\/2025\/06\/27\/schuelerinnen-zeigen-ihre-vielfaeltigen-talente-\ud83d\udc4f\/\" \/>\n<meta property=\"og:locale\" content=\"de_DE\" \/>\n<meta property=\"og:type\" content=\"article\" \/>\n<meta property=\"og:title\" content=\"Sch\u00fcler*innen zeigen ihre vielf\u00e4ltigen Talente! \ud83d\udc4f -\" \/>\n<meta property=\"og:description\" content=\"Zum feierlichen Ausklang des Schuljahres r\u00fcckten wir die beeindruckenden Leistungen ihrer Sch\u00fcler*innen ins Rampenlicht. In einer stimmungsvollen Veranstaltung wurden junge Talente f\u00fcr ihre Erfolge in vielf\u00e4ltigen Bereichen ausgezeichnet. \ud83e\udd29 Egal, ob beim Zeichenwettbewerb \ud83c\udfa8, beim \u201eK\u00e4nguru der Mathematik\u201c \ud83e\uddee, Schwimmen \ud83c\udfca, Skifahren \u26f7\ufe0f, Stra\u00dfenlauf \ud83d\udc5f, Volleyball \ud83c\udfd0 oder Fu\u00dfball\u26bd\ufe0f. Die Sch\u00fcler*innen haben ihr k\u00fcnstlerisches K\u00f6nnen, &hellip; Sch\u00fcler*innen zeigen ihre vielf\u00e4ltigen Talente! \ud83d\udc4f Weiterlesen &raquo;\" \/>\n<meta property=\"og:url\" content=\"https:\/\/nmsstveit-goelsen.ac.at\/index.php\/2025\/06\/27\/schuelerinnen-zeigen-ihre-vielfaeltigen-talente-\ud83d\udc4f\/\" \/>\n<meta property=\"article:published_time\" content=\"2025-06-27T19:40:06+00:00\" \/>\n<meta property=\"article:modified_time\" content=\"2025-06-30T19:42:14+00:00\" \/>\n<meta property=\"og:image\" content=\"https:\/\/nmsstveit-goelsen.ac.at\/wp-content\/uploads\/2025\/06\/IMG_2266-scaled.jpeg\" \/>\n\t<meta property=\"og:image:width\" content=\"2560\" \/>\n\t<meta property=\"og:image:height\" content=\"1920\" \/>\n\t<meta property=\"og:image:type\" content=\"image\/jpeg\" \/>\n<meta name=\"author\" content=\"s314062_Redakteur\" \/>\n<meta name=\"twitter:card\" content=\"summary_large_image\" \/>\n<meta name=\"twitter:label1\" content=\"Verfasst von\" \/>\n\t<meta name=\"twitter:data1\" content=\"s314062_Redakteur\" \/>\n\t<meta name=\"twitter:label2\" content=\"Gesch\u00e4tzte Lesezeit\" \/>\n\t<meta name=\"twitter:data2\" content=\"3\u00a0Minuten\" \/>\n<script type=\"application\/ld+json\" class=\"yoast-schema-graph\">{\"@context\":\"https:\\\/\\\/schema.org\",\"@graph\":[{\"@type\":\"Article\",\"@id\":\"https:\\\/\\\/nmsstveit-goelsen.ac.at\\\/index.php\\\/2025\\\/06\\\/27\\\/schuelerinnen-zeigen-ihre-vielfaeltigen-talente-%f0%9f%91%8f\\\/#article\",\"isPartOf\":{\"@id\":\"https:\\\/\\\/nmsstveit-goelsen.ac.at\\\/index.php\\\/2025\\\/06\\\/27\\\/schuelerinnen-zeigen-ihre-vielfaeltigen-talente-%f0%9f%91%8f\\\/\"},\"author\":{\"name\":\"s314062_Redakteur\",\"@id\":\"https:\\\/\\\/nmsstveit-goelsen.ac.at\\\/#\\\/schema\\\/person\\\/b55254e8531ed4ee6bcbaa134b4d3f1d\"},\"headline\":\"Sch\u00fcler*innen zeigen ihre vielf\u00e4ltigen Talente! \ud83d\udc4f\",\"datePublished\":\"2025-06-27T19:40:06+00:00\",\"dateModified\":\"2025-06-30T19:42:14+00:00\",\"mainEntityOfPage\":{\"@id\":\"https:\\\/\\\/nmsstveit-goelsen.ac.at\\\/index.php\\\/2025\\\/06\\\/27\\\/schuelerinnen-zeigen-ihre-vielfaeltigen-talente-%f0%9f%91%8f\\\/\"},\"wordCount\":202,\"commentCount\":0,\"publisher\":{\"@id\":\"https:\\\/\\\/nmsstveit-goelsen.ac.at\\\/#organization\"},\"image\":{\"@id\":\"https:\\\/\\\/nmsstveit-goelsen.ac.at\\\/index.php\\\/2025\\\/06\\\/27\\\/schuelerinnen-zeigen-ihre-vielfaeltigen-talente-%f0%9f%91%8f\\\/#primaryimage\"},\"thumbnailUrl\":\"https:\\\/\\\/nmsstveit-goelsen.ac.at\\\/wp-content\\\/uploads\\\/2025\\\/06\\\/IMG_2266-1024x768.jpeg\",\"inLanguage\":\"de\",\"potentialAction\":[{\"@type\":\"CommentAction\",\"name\":\"Comment\",\"target\":[\"https:\\\/\\\/nmsstveit-goelsen.ac.at\\\/index.php\\\/2025\\\/06\\\/27\\\/schuelerinnen-zeigen-ihre-vielfaeltigen-talente-%f0%9f%91%8f\\\/#respond\"]}]},{\"@type\":\"WebPage\",\"@id\":\"https:\\\/\\\/nmsstveit-goelsen.ac.at\\\/index.php\\\/2025\\\/06\\\/27\\\/schuelerinnen-zeigen-ihre-vielfaeltigen-talente-%f0%9f%91%8f\\\/\",\"url\":\"https:\\\/\\\/nmsstveit-goelsen.ac.at\\\/index.php\\\/2025\\\/06\\\/27\\\/schuelerinnen-zeigen-ihre-vielfaeltigen-talente-%f0%9f%91%8f\\\/\",\"name\":\"Sch\u00fcler*innen zeigen ihre vielf\u00e4ltigen Talente! \ud83d\udc4f -\",\"isPartOf\":{\"@id\":\"https:\\\/\\\/nmsstveit-goelsen.ac.at\\\/#website\"},\"primaryImageOfPage\":{\"@id\":\"https:\\\/\\\/nmsstveit-goelsen.ac.at\\\/index.php\\\/2025\\\/06\\\/27\\\/schuelerinnen-zeigen-ihre-vielfaeltigen-talente-%f0%9f%91%8f\\\/#primaryimage\"},\"image\":{\"@id\":\"https:\\\/\\\/nmsstveit-goelsen.ac.at\\\/index.php\\\/2025\\\/06\\\/27\\\/schuelerinnen-zeigen-ihre-vielfaeltigen-talente-%f0%9f%91%8f\\\/#primaryimage\"},\"thumbnailUrl\":\"https:\\\/\\\/nmsstveit-goelsen.ac.at\\\/wp-content\\\/uploads\\\/2025\\\/06\\\/IMG_2266-1024x768.jpeg\",\"datePublished\":\"2025-06-27T19:40:06+00:00\",\"dateModified\":\"2025-06-30T19:42:14+00:00\",\"breadcrumb\":{\"@id\":\"https:\\\/\\\/nmsstveit-goelsen.ac.at\\\/index.php\\\/2025\\\/06\\\/27\\\/schuelerinnen-zeigen-ihre-vielfaeltigen-talente-%f0%9f%91%8f\\\/#breadcrumb\"},\"inLanguage\":\"de\",\"potentialAction\":[{\"@type\":\"ReadAction\",\"target\":[\"https:\\\/\\\/nmsstveit-goelsen.ac.at\\\/index.php\\\/2025\\\/06\\\/27\\\/schuelerinnen-zeigen-ihre-vielfaeltigen-talente-%f0%9f%91%8f\\\/\"]}]},{\"@type\":\"ImageObject\",\"inLanguage\":\"de\",\"@id\":\"https:\\\/\\\/nmsstveit-goelsen.ac.at\\\/index.php\\\/2025\\\/06\\\/27\\\/schuelerinnen-zeigen-ihre-vielfaeltigen-talente-%f0%9f%91%8f\\\/#primaryimage\",\"url\":\"https:\\\/\\\/nmsstveit-goelsen.ac.at\\\/wp-content\\\/uploads\\\/2025\\\/06\\\/IMG_2266-scaled.jpeg\",\"contentUrl\":\"https:\\\/\\\/nmsstveit-goelsen.ac.at\\\/wp-content\\\/uploads\\\/2025\\\/06\\\/IMG_2266-scaled.jpeg\",\"width\":2560,\"height\":1920},{\"@type\":\"BreadcrumbList\",\"@id\":\"https:\\\/\\\/nmsstveit-goelsen.ac.at\\\/index.php\\\/2025\\\/06\\\/27\\\/schuelerinnen-zeigen-ihre-vielfaeltigen-talente-%f0%9f%91%8f\\\/#breadcrumb\",\"itemListElement\":[{\"@type\":\"ListItem\",\"position\":1,\"name\":\"Startseite\",\"item\":\"https:\\\/\\\/nmsstveit-goelsen.ac.at\\\/\"},{\"@type\":\"ListItem\",\"position\":2,\"name\":\"Sch\u00fcler*innen zeigen ihre vielf\u00e4ltigen Talente! \ud83d\udc4f\"}]},{\"@type\":\"WebSite\",\"@id\":\"https:\\\/\\\/nmsstveit-goelsen.ac.at\\\/#website\",\"url\":\"https:\\\/\\\/nmsstveit-goelsen.ac.at\\\/\",\"name\":\"Webseite der N\u00d6MS St. Veit\",\"description\":\"Das ist der offizielle Webauftritt der N\u00d6MS St. Veit\\\/G\u00f6lsen\",\"publisher\":{\"@id\":\"https:\\\/\\\/nmsstveit-goelsen.ac.at\\\/#organization\"},\"potentialAction\":[{\"@type\":\"SearchAction\",\"target\":{\"@type\":\"EntryPoint\",\"urlTemplate\":\"https:\\\/\\\/nmsstveit-goelsen.ac.at\\\/?s={search_term_string}\"},\"query-input\":{\"@type\":\"PropertyValueSpecification\",\"valueRequired\":true,\"valueName\":\"search_term_string\"}}],\"inLanguage\":\"de\"},{\"@type\":\"Organization\",\"@id\":\"https:\\\/\\\/nmsstveit-goelsen.ac.at\\\/#organization\",\"name\":\"Nieder\u00f6sterreichische Mittelschule St. Veit an der G\u00f6lsen\",\"url\":\"https:\\\/\\\/nmsstveit-goelsen.ac.at\\\/\",\"logo\":{\"@type\":\"ImageObject\",\"inLanguage\":\"de\",\"@id\":\"https:\\\/\\\/nmsstveit-goelsen.ac.at\\\/#\\\/schema\\\/logo\\\/image\\\/\",\"url\":\"https:\\\/\\\/nmsstveit-goelsen.ac.at\\\/wp-content\\\/uploads\\\/2023\\\/01\\\/2021_Logo_RZ_online_rgb.png\",\"contentUrl\":\"https:\\\/\\\/nmsstveit-goelsen.ac.at\\\/wp-content\\\/uploads\\\/2023\\\/01\\\/2021_Logo_RZ_online_rgb.png\",\"width\":3092,\"height\":1309,\"caption\":\"Nieder\u00f6sterreichische Mittelschule St. Veit an der G\u00f6lsen\"},\"image\":{\"@id\":\"https:\\\/\\\/nmsstveit-goelsen.ac.at\\\/#\\\/schema\\\/logo\\\/image\\\/\"}},{\"@type\":\"Person\",\"@id\":\"https:\\\/\\\/nmsstveit-goelsen.ac.at\\\/#\\\/schema\\\/person\\\/b55254e8531ed4ee6bcbaa134b4d3f1d\",\"name\":\"s314062_Redakteur\",\"image\":{\"@type\":\"ImageObject\",\"inLanguage\":\"de\",\"@id\":\"https:\\\/\\\/secure.gravatar.com\\\/avatar\\\/9bb68168f10a088dcf2b326a487805d46c9fb6f9f94abb27b8ad2aa2d78577c0?s=96&d=mm&r=g\",\"url\":\"https:\\\/\\\/secure.gravatar.com\\\/avatar\\\/9bb68168f10a088dcf2b326a487805d46c9fb6f9f94abb27b8ad2aa2d78577c0?s=96&d=mm&r=g\",\"contentUrl\":\"https:\\\/\\\/secure.gravatar.com\\\/avatar\\\/9bb68168f10a088dcf2b326a487805d46c9fb6f9f94abb27b8ad2aa2d78577c0?s=96&d=mm&r=g\",\"caption\":\"s314062_Redakteur\"},\"url\":\"https:\\\/\\\/nmsstveit-goelsen.ac.at\\\/index.php\\\/author\\\/s314062_redakteur\\\/\"}]}<\/script>\n<!-- \/ Yoast SEO plugin. -->","yoast_head_json":{"title":"Sch\u00fcler*innen zeigen ihre vielf\u00e4ltigen Talente! \ud83d\udc4f -","robots":{"index":"index","follow":"follow","max-snippet":"max-snippet:-1","max-image-preview":"max-image-preview:large","max-video-preview":"max-video-preview:-1"},"canonical":"https:\/\/nmsstveit-goelsen.ac.at\/index.php\/2025\/06\/27\/schuelerinnen-zeigen-ihre-vielfaeltigen-talente-\ud83d\udc4f\/","og_locale":"de_DE","og_type":"article","og_title":"Sch\u00fcler*innen zeigen ihre vielf\u00e4ltigen Talente! \ud83d\udc4f -","og_description":"Zum feierlichen Ausklang des Schuljahres r\u00fcckten wir die beeindruckenden Leistungen ihrer Sch\u00fcler*innen ins Rampenlicht. In einer stimmungsvollen Veranstaltung wurden junge Talente f\u00fcr ihre Erfolge in vielf\u00e4ltigen Bereichen ausgezeichnet. \ud83e\udd29 Egal, ob beim Zeichenwettbewerb \ud83c\udfa8, beim \u201eK\u00e4nguru der Mathematik\u201c \ud83e\uddee, Schwimmen \ud83c\udfca, Skifahren \u26f7\ufe0f, Stra\u00dfenlauf \ud83d\udc5f, Volleyball \ud83c\udfd0 oder Fu\u00dfball\u26bd\ufe0f. Die Sch\u00fcler*innen haben ihr k\u00fcnstlerisches K\u00f6nnen, &hellip; Sch\u00fcler*innen zeigen ihre vielf\u00e4ltigen Talente! \ud83d\udc4f Weiterlesen &raquo;","og_url":"https:\/\/nmsstveit-goelsen.ac.at\/index.php\/2025\/06\/27\/schuelerinnen-zeigen-ihre-vielfaeltigen-talente-\ud83d\udc4f\/","article_published_time":"2025-06-27T19:40:06+00:00","article_modified_time":"2025-06-30T19:42:14+00:00","og_image":[{"width":2560,"height":1920,"url":"https:\/\/nmsstveit-goelsen.ac.at\/wp-content\/uploads\/2025\/06\/IMG_2266-scaled.jpeg","type":"image\/jpeg"}],"author":"s314062_Redakteur","twitter_card":"summary_large_image","twitter_misc":{"Verfasst von":"s314062_Redakteur","Gesch\u00e4tzte Lesezeit":"3\u00a0Minuten"},"schema":{"@context":"https:\/\/schema.org","@graph":[{"@type":"Article","@id":"https:\/\/nmsstveit-goelsen.ac.at\/index.php\/2025\/06\/27\/schuelerinnen-zeigen-ihre-vielfaeltigen-talente-%f0%9f%91%8f\/#article","isPartOf":{"@id":"https:\/\/nmsstveit-goelsen.ac.at\/index.php\/2025\/06\/27\/schuelerinnen-zeigen-ihre-vielfaeltigen-talente-%f0%9f%91%8f\/"},"author":{"name":"s314062_Redakteur","@id":"https:\/\/nmsstveit-goelsen.ac.at\/#\/schema\/person\/b55254e8531ed4ee6bcbaa134b4d3f1d"},"headline":"Sch\u00fcler*innen zeigen ihre vielf\u00e4ltigen Talente! \ud83d\udc4f","datePublished":"2025-06-27T19:40:06+00:00","dateModified":"2025-06-30T19:42:14+00:00","mainEntityOfPage":{"@id":"https:\/\/nmsstveit-goelsen.ac.at\/index.php\/2025\/06\/27\/schuelerinnen-zeigen-ihre-vielfaeltigen-talente-%f0%9f%91%8f\/"},"wordCount":202,"commentCount":0,"publisher":{"@id":"https:\/\/nmsstveit-goelsen.ac.at\/#organization"},"image":{"@id":"https:\/\/nmsstveit-goelsen.ac.at\/index.php\/2025\/06\/27\/schuelerinnen-zeigen-ihre-vielfaeltigen-talente-%f0%9f%91%8f\/#primaryimage"},"thumbnailUrl":"https:\/\/nmsstveit-goelsen.ac.at\/wp-content\/uploads\/2025\/06\/IMG_2266-1024x768.jpeg","inLanguage":"de","potentialAction":[{"@type":"CommentAction","name":"Comment","target":["https:\/\/nmsstveit-goelsen.ac.at\/index.php\/2025\/06\/27\/schuelerinnen-zeigen-ihre-vielfaeltigen-talente-%f0%9f%91%8f\/#respond"]}]},{"@type":"WebPage","@id":"https:\/\/nmsstveit-goelsen.ac.at\/index.php\/2025\/06\/27\/schuelerinnen-zeigen-ihre-vielfaeltigen-talente-%f0%9f%91%8f\/","url":"https:\/\/nmsstveit-goelsen.ac.at\/index.php\/2025\/06\/27\/schuelerinnen-zeigen-ihre-vielfaeltigen-talente-%f0%9f%91%8f\/","name":"Sch\u00fcler*innen zeigen ihre vielf\u00e4ltigen Talente! \ud83d\udc4f -","isPartOf":{"@id":"https:\/\/nmsstveit-goelsen.ac.at\/#website"},"primaryImageOfPage":{"@id":"https:\/\/nmsstveit-goelsen.ac.at\/index.php\/2025\/06\/27\/schuelerinnen-zeigen-ihre-vielfaeltigen-talente-%f0%9f%91%8f\/#primaryimage"},"image":{"@id":"https:\/\/nmsstveit-goelsen.ac.at\/index.php\/2025\/06\/27\/schuelerinnen-zeigen-ihre-vielfaeltigen-talente-%f0%9f%91%8f\/#primaryimage"},"thumbnailUrl":"https:\/\/nmsstveit-goelsen.ac.at\/wp-content\/uploads\/2025\/06\/IMG_2266-1024x768.jpeg","datePublished":"2025-06-27T19:40:06+00:00","dateModified":"2025-06-30T19:42:14+00:00","breadcrumb":{"@id":"https:\/\/nmsstveit-goelsen.ac.at\/index.php\/2025\/06\/27\/schuelerinnen-zeigen-ihre-vielfaeltigen-talente-%f0%9f%91%8f\/#breadcrumb"},"inLanguage":"de","potentialAction":[{"@type":"ReadAction","target":["https:\/\/nmsstveit-goelsen.ac.at\/index.php\/2025\/06\/27\/schuelerinnen-zeigen-ihre-vielfaeltigen-talente-%f0%9f%91%8f\/"]}]},{"@type":"ImageObject","inLanguage":"de","@id":"https:\/\/nmsstveit-goelsen.ac.at\/index.php\/2025\/06\/27\/schuelerinnen-zeigen-ihre-vielfaeltigen-talente-%f0%9f%91%8f\/#primaryimage","url":"https:\/\/nmsstveit-goelsen.ac.at\/wp-content\/uploads\/2025\/06\/IMG_2266-scaled.jpeg","contentUrl":"https:\/\/nmsstveit-goelsen.ac.at\/wp-content\/uploads\/2025\/06\/IMG_2266-scaled.jpeg","width":2560,"height":1920},{"@type":"BreadcrumbList","@id":"https:\/\/nmsstveit-goelsen.ac.at\/index.php\/2025\/06\/27\/schuelerinnen-zeigen-ihre-vielfaeltigen-talente-%f0%9f%91%8f\/#breadcrumb","itemListElement":[{"@type":"ListItem","position":1,"name":"Startseite","item":"https:\/\/nmsstveit-goelsen.ac.at\/"},{"@type":"ListItem","position":2,"name":"Sch\u00fcler*innen zeigen ihre vielf\u00e4ltigen Talente! \ud83d\udc4f"}]},{"@type":"WebSite","@id":"https:\/\/nmsstveit-goelsen.ac.at\/#website","url":"https:\/\/nmsstveit-goelsen.ac.at\/","name":"Webseite der N\u00d6MS St. Veit","description":"Das ist der offizielle Webauftritt der N\u00d6MS St. Veit\/G\u00f6lsen","publisher":{"@id":"https:\/\/nmsstveit-goelsen.ac.at\/#organization"},"potentialAction":[{"@type":"SearchAction","target":{"@type":"EntryPoint","urlTemplate":"https:\/\/nmsstveit-goelsen.ac.at\/?s={search_term_string}"},"query-input":{"@type":"PropertyValueSpecification","valueRequired":true,"valueName":"search_term_string"}}],"inLanguage":"de"},{"@type":"Organization","@id":"https:\/\/nmsstveit-goelsen.ac.at\/#organization","name":"Nieder\u00f6sterreichische Mittelschule St. Veit an der G\u00f6lsen","url":"https:\/\/nmsstveit-goelsen.ac.at\/","logo":{"@type":"ImageObject","inLanguage":"de","@id":"https:\/\/nmsstveit-goelsen.ac.at\/#\/schema\/logo\/image\/","url":"https:\/\/nmsstveit-goelsen.ac.at\/wp-content\/uploads\/2023\/01\/2021_Logo_RZ_online_rgb.png","contentUrl":"https:\/\/nmsstveit-goelsen.ac.at\/wp-content\/uploads\/2023\/01\/2021_Logo_RZ_online_rgb.png","width":3092,"height":1309,"caption":"Nieder\u00f6sterreichische Mittelschule St. Veit an der G\u00f6lsen"},"image":{"@id":"https:\/\/nmsstveit-goelsen.ac.at\/#\/schema\/logo\/image\/"}},{"@type":"Person","@id":"https:\/\/nmsstveit-goelsen.ac.at\/#\/schema\/person\/b55254e8531ed4ee6bcbaa134b4d3f1d","name":"s314062_Redakteur","image":{"@type":"ImageObject","inLanguage":"de","@id":"https:\/\/secure.gravatar.com\/avatar\/9bb68168f10a088dcf2b326a487805d46c9fb6f9f94abb27b8ad2aa2d78577c0?s=96&d=mm&r=g","url":"https:\/\/secure.gravatar.com\/avatar\/9bb68168f10a088dcf2b326a487805d46c9fb6f9f94abb27b8ad2aa2d78577c0?s=96&d=mm&r=g","contentUrl":"https:\/\/secure.gravatar.com\/avatar\/9bb68168f10a088dcf2b326a487805d46c9fb6f9f94abb27b8ad2aa2d78577c0?s=96&d=mm&r=g","caption":"s314062_Redakteur"},"url":"https:\/\/nmsstveit-goelsen.ac.at\/index.php\/author\/s314062_redakteur\/"}]}},"_links":{"self":[{"href":"https:\/\/nmsstveit-goelsen.ac.at\/index.php\/wp-json\/wp\/v2\/posts\/2435","targetHints":{"allow":["GET"]}}],"collection":[{"href":"https:\/\/nmsstveit-goelsen.ac.at\/index.php\/wp-json\/wp\/v2\/posts"}],"about":[{"href":"https:\/\/nmsstveit-goelsen.ac.at\/index.php\/wp-json\/wp\/v2\/types\/post"}],"author":[{"embeddable":true,"href":"https:\/\/nmsstveit-goelsen.ac.at\/index.php\/wp-json\/wp\/v2\/users\/2"}],"replies":[{"embeddable":true,"href":"https:\/\/nmsstveit-goelsen.ac.at\/index.php\/wp-json\/wp\/v2\/comments?post=2435"}],"version-history":[{"count":1,"href":"https:\/\/nmsstveit-goelsen.ac.at\/index.php\/wp-json\/wp\/v2\/posts\/2435\/revisions"}],"predecessor-version":[{"id":2446,"href":"https:\/\/nmsstveit-goelsen.ac.at\/index.php\/wp-json\/wp\/v2\/posts\/2435\/revisions\/2446"}],"wp:attachment":[{"href":"https:\/\/nmsstveit-goelsen.ac.at\/index.php\/wp-json\/wp\/v2\/media?parent=2435"}],"wp:term":[{"taxonomy":"category","embeddable":true,"href":"https:\/\/nmsstveit-goelsen.ac.at\/index.php\/wp-json\/wp\/v2\/categories?post=2435"},{"taxonomy":"post_tag","embeddable":true,"href":"https:\/\/nmsstveit-goelsen.ac.at\/index.php\/wp-json\/wp\/v2\/tags?post=2435"}],"curies":[{"name":"wp","href":"https:\/\/api.w.org\/{rel}","templated":true}]}}